{"id":2582,"date":"2016-06-21T07:42:53","date_gmt":"2016-06-21T07:42:53","guid":{"rendered":"http:\/\/gludby.dk\/wp\/?p=2582"},"modified":"2016-06-21T07:52:32","modified_gmt":"2016-06-21T07:52:32","slug":"sankt-hans-i-glud-snaptun","status":"publish","type":"post","link":"https:\/\/gludby.dk\/wp\/?p=2582","title":{"rendered":"Sankt Hans i Glud &#038; Snaptun"},"content":{"rendered":"<p>Selvom vejret ikke ser alt for lovende ud i vores del af landet til Sankt Hans den 23. juni, s\u00e5 skal det ikke forhindre os i at m\u00f8des til b\u00e5l, sang og snobr\u00f8d.<\/p>\n<p>F\u00f8lgende arrangementer foreg\u00e5r:<\/p>\n<p><strong>B\u00f8rne Sankt Hans<\/strong><br \/>\nGlud Pr\u00e6stegaard arrangerer Sankt Hans for b\u00f8rnene med Juelsminde Pigegarde kl. 17.00 &#8211; 19.00<br \/>\n<a href=\"https:\/\/gludby.dk\/wp\/?p=2575\" target=\"_blank\">L\u00e6s mere her.<\/a><\/p>\n<p><strong>Sankt Hans b\u00e5l om aftenen<\/strong><br \/>\nSnaptun Lokalr\u00e5d arrangerer b\u00e5l lidt senere p\u00e5 dagen. Det foreg\u00e5r p\u00e5 stranden nord for Snaptun Lystb\u00e5dehavn.<br \/>\nB\u00e5let t\u00e6ndes kl. 20.15.<\/p>\n<p>Du kan f\u00f8lge med i vejrudsigten fra <a href=\"http:\/\/vejr.tv2.dk\/vejr\/glud-2621353\" target=\"_blank\">TV 2 her.<\/a><\/p>\n<p>&nbsp;<\/p>\n<p><img loading=\"lazy\" decoding=\"async\" class=\"aligncenter size-full wp-image-2583\" src=\"https:\/\/gludby.dk\/wp\/wp-content\/uploads\/2016\/06\/sankt_hans_baal.jpg\" alt=\"sankt_hans_baal\" width=\"1200\" height=\"800\" srcset=\"https:\/\/gludby.dk\/wp\/wp-content\/uploads\/2016\/06\/sankt_hans_baal.jpg 1200w, https:\/\/gludby.dk\/wp\/wp-content\/uploads\/2016\/06\/sankt_hans_baal-300x200.jpg 300w, https:\/\/gludby.dk\/wp\/wp-content\/uploads\/2016\/06\/sankt_hans_baal-768x512.jpg 768w, https:\/\/gludby.dk\/wp\/wp-content\/uploads\/2016\/06\/sankt_hans_baal-1024x683.jpg 1024w\" sizes=\"auto, (max-width: 1200px) 100vw, 1200px\" \/><\/p>\n<p>&nbsp;<\/p>\n<p>&nbsp;<\/p>\n","protected":false},"excerpt":{"rendered":"<p>Selvom vejret ikke ser alt for lovende ud i vores del af landet til Sankt Hans den 23. juni, s\u00e5 skal det ikke forhindre os i at m\u00f8des til b\u00e5l, sang og snobr\u00f8d. F\u00f8lgende arrangementer foreg\u00e5r: B\u00f8rne Sankt Hans Glud &hellip; <a href=\"https:\/\/gludby.dk\/wp\/?p=2582\">Continued<\/a><\/p>\n","protected":false},"author":1,"featured_media":2583,"comment_status":"open","ping_status":"open","sticky":false,"template":"","format":"standard","meta":{"footnotes":""},"categories":[4,9,56],"tags":[],"class_list":["post-2582","post","type-post","status-publish","format-standard","has-post-thumbnail","hentry","category-borgerforeningen","category-glud-kirke","category-snaptun-lokalraad"],"_links":{"self":[{"href":"https:\/\/gludby.dk\/wp\/index.php?rest_route=\/wp\/v2\/posts\/2582","targetHints":{"allow":["GET"]}}],"collection":[{"href":"https:\/\/gludby.dk\/wp\/index.php?rest_route=\/wp\/v2\/posts"}],"about":[{"href":"https:\/\/gludby.dk\/wp\/index.php?rest_route=\/wp\/v2\/types\/post"}],"author":[{"embeddable":true,"href":"https:\/\/gludby.dk\/wp\/index.php?rest_route=\/wp\/v2\/users\/1"}],"replies":[{"embeddable":true,"href":"https:\/\/gludby.dk\/wp\/index.php?rest_route=%2Fwp%2Fv2%2Fcomments&post=2582"}],"version-history":[{"count":0,"href":"https:\/\/gludby.dk\/wp\/index.php?rest_route=\/wp\/v2\/posts\/2582\/revisions"}],"wp:featuredmedia":[{"embeddable":true,"href":"https:\/\/gludby.dk\/wp\/index.php?rest_route=\/wp\/v2\/media\/2583"}],"wp:attachment":[{"href":"https:\/\/gludby.dk\/wp\/index.php?rest_route=%2Fwp%2Fv2%2Fmedia&parent=2582"}],"wp:term":[{"taxonomy":"category","embeddable":true,"href":"https:\/\/gludby.dk\/wp\/index.php?rest_route=%2Fwp%2Fv2%2Fcategories&post=2582"},{"taxonomy":"post_tag","embeddable":true,"href":"https:\/\/gludby.dk\/wp\/index.php?rest_route=%2Fwp%2Fv2%2Ftags&post=2582"}],"curies":[{"name":"wp","href":"https:\/\/api.w.org\/{rel}","templated":true}]}}