{"id":3086,"date":"2017-03-25T12:57:01","date_gmt":"2017-03-25T12:57:01","guid":{"rendered":"http:\/\/gludby.dk\/wp\/?p=3086"},"modified":"2017-03-28T17:47:59","modified_gmt":"2017-03-28T17:47:59","slug":"udstillingsaabning-d-1-april-paa-glud-museum","status":"publish","type":"post","link":"https:\/\/gludby.dk\/wp\/?p=3086","title":{"rendered":"Udstillings\u00e5bning d. 1. april p\u00e5 Glud Museum"},"content":{"rendered":"<p><strong>Den 1. april sl\u00e5r Glud Museum atter d\u00f8rene op for en ny s\u00e6son. Det er ogs\u00e5 dagen, hvor museet \u00e5bner nye udstillinger i hidtil lukkede rum p\u00e5 g\u00e5rden Badensminde.<\/strong><\/p>\n<p>G\u00e5rden Badensminde er en smuk \u00f8stjysk bindingsv\u00e6rksg\u00e5rd, som blev flyttet til Glud Museum i l\u00f8bet af 1980\u2019erne. Store dele af g\u00e5rden har siden dengang kunne gl\u00e6de de mange g\u00e6ster, som hvert \u00e5r bes\u00f8ger Glud Museum, men nogle rum blev aldrig lavet f\u00e6rdige, og har derfor st\u00e5et aflukket hen siden flytningen. Det er disse rum, som nu bliver \u00e5bnet for offentligheden. Her vil publikum fremover kunne se en f\u00e5resti, en svinesti og ikke mindste den store lade, som det s\u00e5 ud i 1928.<\/p>\n<p>Udstillingen, som er blevet til med st\u00f8tte fra LAG-Odder Hedensted, \u00e5bner den 1. april. Alle er velkomne til udstillings\u00e5bningen kl. 14, hvor der er gratis adgang. Formand for Udvalget for Fritid &amp; F\u00e6llesskab i Hedensted Kommune Liselotte Hillestr\u00f8m kommer for at \u00e5bne den nye udstilling, ligesom Juelsminde Kirkekor vil synge for og med de fremm\u00f8dte.<\/p>\n<p><strong>En g\u00e5rd og dens tid<\/strong><\/p>\n<p>G\u00e5rden l\u00e5 oprindeligt i landsbyen Bisholt, et par kilometer derfra, hvor den ligger i dag. Glud Museums grundl\u00e6gger, S\u00f8ren Knudsen havde tjent p\u00e5 Badensminde som ung kn\u00e6gt. I 1928 kom han tilbage til g\u00e5rden, men denne gang i et \u00e6rinde for Nationalmuseet. Museet i hovedstaden fors\u00f8gte at registrere gamle b\u00f8nderbygninger, og rundt i omkring i landet havde de dygtige meddelere til at foretage disse registreringer. En af dem var S\u00f8ren Knudsen, og for Badensmindes vedkommende resulterede registreringen i en komplet opm\u00e5ling af g\u00e5rden samt en del interi\u00f8rtegninger fra stuehuset.<\/p>\n<p>Da g\u00e5rden skulle flyttes til museet, havde man s\u00e5ledes et unikt materiale til at f\u00f8re g\u00e5rden tilbage til netop \u00e5ret 1928.<em>\u201dDet har l\u00e6nge v\u00e6ret et \u00f8nske fra museets side, at kunne \u00e5bne hele g\u00e5rden op for publikum og dermed vise, hvordan en g\u00e5rd s\u00e5 ud i mellemkrigstidens alsidige landbrug. En tid, hvor b\u00f8nder kunne nikke genkendende til strofen fra den gamle b\u00f8rnesang om, at heste, grise, k\u00f8er og f\u00e5r, h\u00f8rer til min bondeg\u00e5rd\u201d <\/em>Udtaler museumsinspekt\u00f8r Lola W\u00f8hlk Hansen og forts\u00e6tter \u201d<em>Vi har derfor endnu engang v\u00e6ret i arkiverne og fundet S\u00f8ren Knudsens gamle bygningstegninger frem. Disse tegninger og andre kilder til g\u00e5rdens historie, har vi sammenholdt med de generelle udviklingstendenser i landbruget i mellemkrigstiden, og har p\u00e5 den baggrund fors\u00f8gt at genskabe g\u00e5rdens svinesti, f\u00e5resti og lade, s\u00e5 man fremover kan g\u00e5 p\u00e5 opdagelse i alle g\u00e5rdens l\u00e6nger og opleve g\u00e5rdens liv gennem lyde og gennem sm\u00e5 film, som kan hentes ved hj\u00e6lp af QR-koder.\u201d<\/em><\/p>\n<p><strong>Vores f\u00e6lles kulturarv<\/strong><\/p>\n<p>Engang var de helt almindelige &#8211; de l\u00e5 de derude, de firl\u00e6ngede g\u00e5rde &#8211; str\u00f8et med rund h\u00e5nd langs landsbyernes gader, og p\u00e5 agrene ude i det \u00e5bne land. De l\u00e5 der med deres bygninger i bindingsv\u00e6rk eller i grundmur, med tage af str\u00e5 eller tegl. P\u00e5 g\u00e5rdene var der en livlig aktivitet og et mylder af mennesker. Der var altid noget, som skulle ordnes: k\u00f8er der skulle malkes, m\u00e6lk der skulle afhentes til mejeriet, svin, der skulle fodres med den futm\u00e6lk, som mejeriet sendte retur til b\u00f8nderne. Og var det ikke var dyrene, som skulle passes, var der maskiner og redskaber, som skulle klarg\u00f8res og roer, som skulle luges ved. Karle og piger flokkedes om de gode pladser og om hinanden til forsamlingshusenes baller. Det var dengang, hvor et landbrug var et familieforetagende, staldene var fyldt med k\u00f8er, grise, f\u00e5r, h\u00f8ns, duer og katte og de levende heste var den foretrukne tr\u00e6kkraft.<\/p>\n<p><em>\u201dDen tid som formidles p\u00e5 Badensminde fort\u00e6ller om et liv, som rigtig mange af vores forf\u00e6dre har levet. <\/em><em>Omkring 1930 l\u00e5 der mere end 200.000 landbrugsbedrifter rundt i det ganske danske land, og mere end 1 million danskere havde direkte tilknytning til landbruget. Boede man p\u00e5 en g\u00e5rd, var man ogs\u00e5 besk\u00e6ftiget ved landbruget, uanset om man var kvinde eller mand, om man var 8, 35 eller 70 \u00e5r. I dag er der stadig stor aktivitet p\u00e5 markerne, men nu kan en landmand klare det meste fra sin traktor, mens konen er p\u00e5 arbejde i den n\u00e6rmeste by. For b\u00f8rn i dag virker livet p\u00e5 en g\u00e5rd som Badensminde som et liv i en fjern fortid, men n\u00e5r de mange pensionistgrupper, som bes\u00f8ger museet i l\u00f8bet af en s\u00e6son, kommer op p\u00e5 g\u00e5rden, ja s\u00e5 er der ikke l\u00e6ngere tale om s\u00e5 fjern en fortid. Rigtig mange mennesker kan stadig huske tiden som karl eller pige p\u00e5 en lignende g\u00e5rd, og s\u00e5 begynder snakken at rulle. En g\u00e5rd som denne er rigtig god til at s\u00e6tte erindringer i gang, men ogs\u00e5 til at skabe forst\u00e5else p\u00e5 tv\u00e6rs af generationer, derfor er vi ogs\u00e5 rigtig glade for, at vi nu kan \u00e5bne op til alle l\u00e6nger og f\u00e5 hele historien med\u201d <\/em>siger Lola W\u00f8hlk Hansen.<\/p>\n<p>&nbsp;<\/p>\n<p><strong>Billedtekster:<\/strong><\/p>\n<p><a href=\"https:\/\/gludby.dk\/wp\/?attachment_id=3087\" rel=\"attachment wp-att-3087\"><img loading=\"lazy\" decoding=\"async\" class=\"alignnone wp-image-3087 size-medium\" src=\"https:\/\/gludby.dk\/wp\/wp-content\/uploads\/2017\/03\/Den-store-lade-som-nu-\u00e5bnes-op-for-publikum-300x201.jpg\" alt=\"\" width=\"300\" height=\"201\" srcset=\"https:\/\/gludby.dk\/wp\/wp-content\/uploads\/2017\/03\/Den-store-lade-som-nu-\u00e5bnes-op-for-publikum-300x201.jpg 300w, https:\/\/gludby.dk\/wp\/wp-content\/uploads\/2017\/03\/Den-store-lade-som-nu-\u00e5bnes-op-for-publikum-768x516.jpg 768w, https:\/\/gludby.dk\/wp\/wp-content\/uploads\/2017\/03\/Den-store-lade-som-nu-\u00e5bnes-op-for-publikum-1024x687.jpg 1024w\" sizes=\"auto, (max-width: 300px) 100vw, 300px\" \/><\/a><\/p>\n<p><em>Billede:<\/em> Den store lade, som nu \u00e5bnes op for publikum<\/p>\n<p><em>Tekst:<\/em> Den store lade p\u00e5 museumsg\u00e5rden Badensminde, som nu \u00e5bnes op for publikum. Laden er oprindeligt bygget i 1858, men er som resten af g\u00e5rden indrettet som i 1928.<\/p>\n<p>&nbsp;<\/p>\n<p><a href=\"https:\/\/gludby.dk\/wp\/?attachment_id=3093\" rel=\"attachment wp-att-3093\"><img loading=\"lazy\" decoding=\"async\" class=\"alignnone wp-image-3093 size-medium\" src=\"https:\/\/gludby.dk\/wp\/wp-content\/uploads\/2017\/03\/Foto-af-badensminde-taget-i-1920erne-300x221.jpg\" alt=\"\" width=\"300\" height=\"221\" srcset=\"https:\/\/gludby.dk\/wp\/wp-content\/uploads\/2017\/03\/Foto-af-badensminde-taget-i-1920erne-300x221.jpg 300w, https:\/\/gludby.dk\/wp\/wp-content\/uploads\/2017\/03\/Foto-af-badensminde-taget-i-1920erne-768x566.jpg 768w, https:\/\/gludby.dk\/wp\/wp-content\/uploads\/2017\/03\/Foto-af-badensminde-taget-i-1920erne-1024x755.jpg 1024w, https:\/\/gludby.dk\/wp\/wp-content\/uploads\/2017\/03\/Foto-af-badensminde-taget-i-1920erne.jpg 1288w\" sizes=\"auto, (max-width: 300px) 100vw, 300px\" \/><\/a><\/p>\n<p><em>Billede: <\/em>Foto af Badensminde taget i 1920erne<\/p>\n<p><em>Tekst: <\/em>Foto af Museumsg\u00e5rden Badensminde taget i starten 1920\u2019erne.<\/p>\n<p>&nbsp;<\/p>\n<p><a href=\"https:\/\/gludby.dk\/wp\/?attachment_id=3094\" rel=\"attachment wp-att-3094\"><img loading=\"lazy\" decoding=\"async\" class=\"size-medium wp-image-3094 alignnone\" src=\"https:\/\/gludby.dk\/wp\/wp-content\/uploads\/2017\/03\/Badensminde-tegnet-af-S\u00f8ren-Knudsen-i-1916-300x220.jpg\" alt=\"\" width=\"300\" height=\"220\" srcset=\"https:\/\/gludby.dk\/wp\/wp-content\/uploads\/2017\/03\/Badensminde-tegnet-af-S\u00f8ren-Knudsen-i-1916-300x220.jpg 300w, https:\/\/gludby.dk\/wp\/wp-content\/uploads\/2017\/03\/Badensminde-tegnet-af-S\u00f8ren-Knudsen-i-1916-768x564.jpg 768w, https:\/\/gludby.dk\/wp\/wp-content\/uploads\/2017\/03\/Badensminde-tegnet-af-S\u00f8ren-Knudsen-i-1916-1024x752.jpg 1024w, https:\/\/gludby.dk\/wp\/wp-content\/uploads\/2017\/03\/Badensminde-tegnet-af-S\u00f8ren-Knudsen-i-1916.jpg 1861w\" sizes=\"auto, (max-width: 300px) 100vw, 300px\" \/><\/a><\/p>\n<p><em>Billede: <\/em>Badensminde tegnet af S\u00f8ren Knudsen i 1916<\/p>\n<p><em>Tekst: <\/em>G\u00e5rden Badensminde tegnet af museumsgrundl\u00e6gger S\u00f8ren Knudsen. Tegningen er fra 1916 og viser g\u00e5rden da den stadig l\u00e5 p\u00e5 sin gamle plads i landsbyen Bisholt.<\/p>\n<p>&nbsp;<\/p>\n<p><a href=\"https:\/\/gludby.dk\/wp\/?attachment_id=3097\" rel=\"attachment wp-att-3095\"><img loading=\"lazy\" decoding=\"async\" class=\"wp-image-3097 size-medium alignnone\" src=\"https:\/\/gludby.dk\/wp\/wp-content\/uploads\/2017\/03\/Foto-Karl-Fausing-der-l\u00e6sses-roetoppe-300x200.jpg\" alt=\"\" width=\"300\" height=\"200\" srcset=\"https:\/\/gludby.dk\/wp\/wp-content\/uploads\/2017\/03\/Foto-Karl-Fausing-der-l\u00e6sses-roetoppe-300x200.jpg 300w, https:\/\/gludby.dk\/wp\/wp-content\/uploads\/2017\/03\/Foto-Karl-Fausing-der-l\u00e6sses-roetoppe-768x512.jpg 768w, https:\/\/gludby.dk\/wp\/wp-content\/uploads\/2017\/03\/Foto-Karl-Fausing-der-l\u00e6sses-roetoppe.jpg 1006w\" sizes=\"auto, (max-width: 300px) 100vw, 300px\" \/><\/a><\/p>\n<p><em>Billede: <\/em>Foto Karl Fausing \u2013 der l\u00e6sses roetoppe<\/p>\n<p><em>Tekst: <\/em>Roer fyldte meget i datidens landbrug. De kr\u00e6vede en hel del arbejde i marken, til geng\u00e6ld sikrede de godt foder til g\u00e5rdens dy vinteren igennem. P\u00e5 dette billede l\u00e6sses roetoppe op p\u00e5 stivvognen for at blive k\u00f8rt hjem til g\u00e5rden. Foto: Karl Fausing.<\/p>\n<p>&nbsp;<\/p>\n<p>&nbsp;<\/p>\n<p>&nbsp;<\/p>\n","protected":false},"excerpt":{"rendered":"<p>Den 1. april sl\u00e5r Glud Museum atter d\u00f8rene op for en ny s\u00e6son. Det er ogs\u00e5 dagen, hvor museet \u00e5bner nye udstillinger i hidtil lukkede rum p\u00e5 g\u00e5rden Badensminde. G\u00e5rden Badensminde er en smuk \u00f8stjysk bindingsv\u00e6rksg\u00e5rd, som blev flyttet til &hellip; <a href=\"https:\/\/gludby.dk\/wp\/?p=3086\">Continued<\/a><\/p>\n","protected":false},"author":3,"featured_media":3088,"comment_status":"open","ping_status":"open","sticky":false,"template":"","format":"standard","meta":{"footnotes":""},"categories":[21],"tags":[],"class_list":["post-3086","post","type-post","status-publish","format-standard","has-post-thumbnail","hentry","category-glud-museum"],"_links":{"self":[{"href":"https:\/\/gludby.dk\/wp\/index.php?rest_route=\/wp\/v2\/posts\/3086","targetHints":{"allow":["GET"]}}],"collection":[{"href":"https:\/\/gludby.dk\/wp\/index.php?rest_route=\/wp\/v2\/posts"}],"about":[{"href":"https:\/\/gludby.dk\/wp\/index.php?rest_route=\/wp\/v2\/types\/post"}],"author":[{"embeddable":true,"href":"https:\/\/gludby.dk\/wp\/index.php?rest_route=\/wp\/v2\/users\/3"}],"replies":[{"embeddable":true,"href":"https:\/\/gludby.dk\/wp\/index.php?rest_route=%2Fwp%2Fv2%2Fcomments&post=3086"}],"version-history":[{"count":0,"href":"https:\/\/gludby.dk\/wp\/index.php?rest_route=\/wp\/v2\/posts\/3086\/revisions"}],"wp:featuredmedia":[{"embeddable":true,"href":"https:\/\/gludby.dk\/wp\/index.php?rest_route=\/wp\/v2\/media\/3088"}],"wp:attachment":[{"href":"https:\/\/gludby.dk\/wp\/index.php?rest_route=%2Fwp%2Fv2%2Fmedia&parent=3086"}],"wp:term":[{"taxonomy":"category","embeddable":true,"href":"https:\/\/gludby.dk\/wp\/index.php?rest_route=%2Fwp%2Fv2%2Fcategories&post=3086"},{"taxonomy":"post_tag","embeddable":true,"href":"https:\/\/gludby.dk\/wp\/index.php?rest_route=%2Fwp%2Fv2%2Ftags&post=3086"}],"curies":[{"name":"wp","href":"https:\/\/api.w.org\/{rel}","templated":true}]}}